{"id":3859,"date":"2019-12-20T08:41:04","date_gmt":"2019-12-20T07:41:04","guid":{"rendered":"https:\/\/www.lebefane.it\/2019\/12\/20\/alle-befane-il-concerto-pop-lirico-di-natale\/"},"modified":"2019-12-22T23:00:02","modified_gmt":"2019-12-22T22:00:02","slug":"alle-befane-il-concerto-pop-lirico-di-natale","status":"publish","type":"post","link":"https:\/\/www.lebefane.it\/en\/2019\/12\/20\/alle-befane-il-concerto-pop-lirico-di-natale\/","title":{"rendered":"Alle Befane il concerto pop lirico di Natale"},"content":{"rendered":"<p>La magia del Natale rivive anche quest&#8217;anno a Le Befane Shopping Centre con il tradizionale appuntamento musicale dedicato a tutti i visitatori del centro commerciale. Un emozionante pomeriggio in compagnia delle sette note che, per la prima volta, vedr\u00e0 sul palcoscenico di Piazza Zara il baritono <strong>Simone Baldazzi<\/strong> e la cantante ed interprete <strong>Serena Giai<\/strong>, impegnati nel <strong>Concerto Pop Lirico di Natale<\/strong>.<\/p>\n<p><strong>Domenica 22 dicembre 2019 alle ore 17.00<\/strong> non solo canti natalizi, quindi, ma anche i brani pi\u00f9 amati del repertorio pop, allieteranno il pomeriggio dei visitatori de Le Befane Shopping Centre. In repertorio, fra gli altri, La voce del silenzio, Vivo per lei, Il mare calmo della sera di Andrea Bocelli; Rise like a phoenix di Conchita Wurst; i classici Granada e O sole mio; e ancora: My Way, White Christmas, Help yourself a merry little Christmas.<\/p>\n\n\t\t\t<style type='text\/css'>\n\t\t\t\t#sc_gallery-1 {\n\t\t\t\t\tmargin: auto;\n\t\t\t\t}\n\t\t\t\t#sc_gallery-1 .gallery-item {\n\t\t\t\t\tfloat: left;\n\t\t\t\t\ttext-align: center;\n\t\t\t\t\twidth: 49.99%;\n\t\t\t\t}\n\t\t\t\t#sc_gallery-1 img {\n\t\t\t\t\tborder: 2px solid #cfcfcf;\n\t\t\t\t}\n\t\t\t\t\/* see sc_gallery() in functions\/theme-shortcodes.php *\/\n\t\t\t<\/style>\n\t\t<div id='sc_gallery-1' class='gallery galleryid-3859 gallery-columns-2 gallery-size-thumbnail  element_classes gallery-default'><dl class='gallery-item'  data-title='Serena Giai 2' data-description=''><div class='gallery-item-wrapper'>\n\t\t\t\t<dt class='gallery-icon portrait'>\n\t\t\t\t\t<a href='https:\/\/www.lebefane.it\/en\/2019\/12\/20\/alle-befane-il-concerto-pop-lirico-di-natale\/serena-giai-2-2\/'><img decoding=\"async\" width=\"250\" height=\"250\" src=\"https:\/\/www.lebefane.it\/wp-content\/uploads\/2019\/12\/Serena-Giai-2-250x250.jpg\" class=\"attachment-thumbnail size-thumbnail\" alt=\"\" srcset=\"https:\/\/www.lebefane.it\/wp-content\/uploads\/2019\/12\/Serena-Giai-2-250x250.jpg 250w, https:\/\/www.lebefane.it\/wp-content\/uploads\/2019\/12\/Serena-Giai-2-500x500.jpg 500w, https:\/\/www.lebefane.it\/wp-content\/uploads\/2019\/12\/Serena-Giai-2-300x300.jpg 300w, https:\/\/www.lebefane.it\/wp-content\/uploads\/2019\/12\/Serena-Giai-2-85x85.jpg 85w, https:\/\/www.lebefane.it\/wp-content\/uploads\/2019\/12\/Serena-Giai-2-80x80.jpg 80w, https:\/\/www.lebefane.it\/wp-content\/uploads\/2019\/12\/Serena-Giai-2-900x900.jpg 900w\" sizes=\"(max-width:767px) 250px, 250px\" \/><\/a>\n\t\t\t\t<\/dt><\/div><\/dl><dl class='gallery-item'  data-title='Simone Baldazzi 2' data-description=''><div class='gallery-item-wrapper'>\n\t\t\t\t<dt class='gallery-icon landscape'>\n\t\t\t\t\t<a href='https:\/\/www.lebefane.it\/en\/2019\/12\/20\/alle-befane-il-concerto-pop-lirico-di-natale\/simone-baldazzi-2-2\/'><img decoding=\"async\" width=\"250\" height=\"250\" src=\"https:\/\/www.lebefane.it\/wp-content\/uploads\/2019\/12\/Simone-Baldazzi-2-250x250.jpg\" class=\"attachment-thumbnail size-thumbnail\" alt=\"\" srcset=\"https:\/\/www.lebefane.it\/wp-content\/uploads\/2019\/12\/Simone-Baldazzi-2-250x250.jpg 250w, https:\/\/www.lebefane.it\/wp-content\/uploads\/2019\/12\/Simone-Baldazzi-2-scaled-500x500.jpg 500w, https:\/\/www.lebefane.it\/wp-content\/uploads\/2019\/12\/Simone-Baldazzi-2-scaled-300x300.jpg 300w, https:\/\/www.lebefane.it\/wp-content\/uploads\/2019\/12\/Simone-Baldazzi-2-85x85.jpg 85w, https:\/\/www.lebefane.it\/wp-content\/uploads\/2019\/12\/Simone-Baldazzi-2-80x80.jpg 80w, https:\/\/www.lebefane.it\/wp-content\/uploads\/2019\/12\/Simone-Baldazzi-2-900x900.jpg 900w\" sizes=\"(max-width:767px) 250px, 250px\" \/><\/a>\n\t\t\t\t<\/dt><\/div><\/dl><br style=\"clear: both\" \/>\n\t\t\t<\/div>\n\n<p><strong>Simone Baldazzi<\/strong><\/p>\n<p>Nonostante la giovane et\u00e0, \u00e8 gi\u00e0 salito sul palco oltre 800 volte in tutto il mondo con opere liriche, concerti, spettacoli e show. La sua prima esperienza teatrale risale al 2007 quando a 11 anni debutta come voce bianca solista al Teatro Antoniano di Bologna. Nel 2008 vince il premio della giuria in occasione dell&#8217;evento teatrale e televisivo \u201cSochi Star International Festival\u201d al Zimniy Teatr (Winter Theatre) di Sochi dove rappresenta l\u2019Italia come voce bianca solista in una competizione di giovani artisti provenienti da tutto il mondo. Da allora ha condiviso il palcoscenico con grandi cantanti, importanti personalit\u00e0 dello spettacolo ed artisti di fama mondiale come Ennio Morricone, Orietta Berti, Claudio Bisio e ha debuttato all\u2019Opera in vari ruoli in diversi teatri italiani. Tra di essi: Scarpia (Tosca), Escamillo (Carmen), Giorgio Germont (Traviata), Jago (Otello). Il 19 ottobre 2019 presso il Museo della Citt\u00e0 di Rimini gli \u00e8 stato conferito il Premio Internazionale Rimini-Europa in the World &#8216;Encomio speciale una voce in Europa e nel Mondo&#8217; dal Comitato Europeo dei Giornalisti di Roma e dall\u2019Agenzia di Stampa ANIC di Genova.<\/p>\n<p><strong>Serena Giai<\/strong><\/p>\n<p>Serena Giai nasce a Pinerolo nel 1996. Fin da piccola manifesta una grande passione per la musica, tanto che, all\u2019et\u00e0 di 13 anni, i genitori decidono di iscriverla ad un corso di pianoforte, dove Serena inizia ad apprendere i primi rudimenti teorici musicali. Scopre qualche anno pi\u00f9 tardi che la sua vera passione \u00e8 per la voce e il canto. Inizia nel 2011 ad appassionarsi al canto pop e da autodidatta si esibisce in piccoli concorsi locali. Nel 2015 decide di prendere lezioni di canto: la sua prima insegnante \u00e8 Carola Salvaggio di cui frequenter\u00e0 i corsi per circa un anno. Successivamente, conosciuta in un concerto, decide di affidarsi alla cura vocale di Rosy Zavaglia, mezzosoprano pinerolese. Da allora segue i suoi corsi, esibendosi anche come voce di punta dei suoi spettacoli (&#8220;I have a dream&#8221;). Partecipa nel 2018 e nel 2019 al Tour Music Fest, raccogliendo pareri favorevoli dei giudici e piazzandosi sempre nella seconda selezione. Nel 2017 ad una gara canora vince la possibilit\u00e0 di registrare il suo primo album, &#8220;Note di me&#8221;, sotto l\u2019attenta cura della sua insegnante e del fonico Alberto Macerata. Il disco raccoglie tutto ci\u00f2 che Serena ha costruito in questi anni di studio, di passione, di obiettivi raggiunti.<\/p>\n\n","protected":false},"excerpt":{"rendered":"<p><span class=\"excerpt-hellip\"> [\u2026]<\/span><\/p>\n","protected":false},"author":6,"featured_media":3858,"comment_status":"open","ping_status":"open","sticky":false,"template":"","format":"image","meta":{"_acf_changed":false,"footnotes":""},"categories":[64],"tags":[133,135,136],"class_list":["post-3859","post","type-post","status-publish","format-image","has-post-thumbnail","hentry","category-events","tag-concerto-natale-befane-rimini-en","tag-serena-giai-rimini-befane-en","tag-simone-baldazzi-befane-natale-rimini-en","post_format-post-format-image"],"acf":[],"yoast_head":"<!-- This site is optimized with the Yoast SEO plugin v27.3 - https:\/\/yoast.com\/product\/yoast-seo-wordpress\/ -->\n<title>Alle Befane il concerto pop lirico di Natale - Le Befane Shopping Centre | Rimini<\/title>\n<meta name=\"robots\" content=\"index, follow, max-snippet:-1, max-image-preview:large, max-video-preview:-1\" \/>\n<link rel=\"canonical\" href=\"https:\/\/www.lebefane.it\/en\/2019\/12\/20\/alle-befane-il-concerto-pop-lirico-di-natale\/\" \/>\n<meta property=\"og:locale\" content=\"en_US\" \/>\n<meta property=\"og:type\" content=\"article\" \/>\n<meta property=\"og:title\" content=\"Alle Befane il concerto pop lirico di Natale - Le Befane Shopping Centre | Rimini\" \/>\n<meta property=\"og:description\" content=\"[\u2026]\" \/>\n<meta property=\"og:url\" content=\"https:\/\/www.lebefane.it\/en\/2019\/12\/20\/alle-befane-il-concerto-pop-lirico-di-natale\/\" \/>\n<meta property=\"og:site_name\" content=\"Le Befane Shopping Centre | Rimini\" \/>\n<meta property=\"article:published_time\" content=\"2019-12-20T07:41:04+00:00\" \/>\n<meta property=\"article:modified_time\" content=\"2019-12-22T22:00:02+00:00\" \/>\n<meta property=\"og:image\" content=\"https:\/\/www.lebefane.it\/wp-content\/uploads\/2019\/12\/Senza-titolo-1.jpg\" \/>\n\t<meta property=\"og:image:width\" content=\"1080\" \/>\n\t<meta property=\"og:image:height\" content=\"1080\" \/>\n\t<meta property=\"og:image:type\" content=\"image\/jpeg\" \/>\n<meta name=\"author\" content=\"belottiric@gmail.com\" \/>\n<meta name=\"twitter:card\" content=\"summary_large_image\" \/>\n<meta name=\"twitter:label1\" content=\"Written by\" \/>\n\t<meta name=\"twitter:data1\" content=\"belottiric@gmail.com\" \/>\n\t<meta name=\"twitter:label2\" content=\"Est. reading time\" \/>\n\t<meta name=\"twitter:data2\" content=\"3 minutes\" \/>\n<script type=\"application\/ld+json\" class=\"yoast-schema-graph\">{\"@context\":\"https:\\\/\\\/schema.org\",\"@graph\":[{\"@type\":\"Article\",\"@id\":\"https:\\\/\\\/www.lebefane.it\\\/en\\\/2019\\\/12\\\/20\\\/alle-befane-il-concerto-pop-lirico-di-natale\\\/#article\",\"isPartOf\":{\"@id\":\"https:\\\/\\\/www.lebefane.it\\\/en\\\/2019\\\/12\\\/20\\\/alle-befane-il-concerto-pop-lirico-di-natale\\\/\"},\"author\":{\"name\":\"belottiric@gmail.com\",\"@id\":\"https:\\\/\\\/www.lebefane.it\\\/#\\\/schema\\\/person\\\/d33b03f954f3d9b8578d8e25d1d6b684\"},\"headline\":\"Alle Befane il concerto pop lirico di Natale\",\"datePublished\":\"2019-12-20T07:41:04+00:00\",\"dateModified\":\"2019-12-22T22:00:02+00:00\",\"mainEntityOfPage\":{\"@id\":\"https:\\\/\\\/www.lebefane.it\\\/en\\\/2019\\\/12\\\/20\\\/alle-befane-il-concerto-pop-lirico-di-natale\\\/\"},\"wordCount\":527,\"commentCount\":0,\"image\":{\"@id\":\"https:\\\/\\\/www.lebefane.it\\\/en\\\/2019\\\/12\\\/20\\\/alle-befane-il-concerto-pop-lirico-di-natale\\\/#primaryimage\"},\"thumbnailUrl\":\"https:\\\/\\\/www.lebefane.it\\\/wp-content\\\/uploads\\\/2019\\\/12\\\/Senza-titolo-1.jpg\",\"keywords\":[\"Concerto Natale Befane Rimini\",\"Serena Giai Rimini BEfane\",\"Simone Baldazzi Befane NAtale Rimini\"],\"articleSection\":[\"Events\"],\"inLanguage\":\"en-US\"},{\"@type\":\"WebPage\",\"@id\":\"https:\\\/\\\/www.lebefane.it\\\/en\\\/2019\\\/12\\\/20\\\/alle-befane-il-concerto-pop-lirico-di-natale\\\/\",\"url\":\"https:\\\/\\\/www.lebefane.it\\\/en\\\/2019\\\/12\\\/20\\\/alle-befane-il-concerto-pop-lirico-di-natale\\\/\",\"name\":\"Alle Befane il concerto pop lirico di Natale - Le Befane Shopping Centre | Rimini\",\"isPartOf\":{\"@id\":\"https:\\\/\\\/www.lebefane.it\\\/#website\"},\"primaryImageOfPage\":{\"@id\":\"https:\\\/\\\/www.lebefane.it\\\/en\\\/2019\\\/12\\\/20\\\/alle-befane-il-concerto-pop-lirico-di-natale\\\/#primaryimage\"},\"image\":{\"@id\":\"https:\\\/\\\/www.lebefane.it\\\/en\\\/2019\\\/12\\\/20\\\/alle-befane-il-concerto-pop-lirico-di-natale\\\/#primaryimage\"},\"thumbnailUrl\":\"https:\\\/\\\/www.lebefane.it\\\/wp-content\\\/uploads\\\/2019\\\/12\\\/Senza-titolo-1.jpg\",\"datePublished\":\"2019-12-20T07:41:04+00:00\",\"dateModified\":\"2019-12-22T22:00:02+00:00\",\"author\":{\"@id\":\"https:\\\/\\\/www.lebefane.it\\\/#\\\/schema\\\/person\\\/d33b03f954f3d9b8578d8e25d1d6b684\"},\"breadcrumb\":{\"@id\":\"https:\\\/\\\/www.lebefane.it\\\/en\\\/2019\\\/12\\\/20\\\/alle-befane-il-concerto-pop-lirico-di-natale\\\/#breadcrumb\"},\"inLanguage\":\"en-US\",\"potentialAction\":[{\"@type\":\"ReadAction\",\"target\":[\"https:\\\/\\\/www.lebefane.it\\\/en\\\/2019\\\/12\\\/20\\\/alle-befane-il-concerto-pop-lirico-di-natale\\\/\"]}]},{\"@type\":\"ImageObject\",\"inLanguage\":\"en-US\",\"@id\":\"https:\\\/\\\/www.lebefane.it\\\/en\\\/2019\\\/12\\\/20\\\/alle-befane-il-concerto-pop-lirico-di-natale\\\/#primaryimage\",\"url\":\"https:\\\/\\\/www.lebefane.it\\\/wp-content\\\/uploads\\\/2019\\\/12\\\/Senza-titolo-1.jpg\",\"contentUrl\":\"https:\\\/\\\/www.lebefane.it\\\/wp-content\\\/uploads\\\/2019\\\/12\\\/Senza-titolo-1.jpg\",\"width\":1080,\"height\":1080},{\"@type\":\"BreadcrumbList\",\"@id\":\"https:\\\/\\\/www.lebefane.it\\\/en\\\/2019\\\/12\\\/20\\\/alle-befane-il-concerto-pop-lirico-di-natale\\\/#breadcrumb\",\"itemListElement\":[{\"@type\":\"ListItem\",\"position\":1,\"name\":\"Home\",\"item\":\"https:\\\/\\\/www.lebefane.it\\\/en\\\/\"},{\"@type\":\"ListItem\",\"position\":2,\"name\":\"Alle Befane il concerto pop lirico di Natale\"}]},{\"@type\":\"WebSite\",\"@id\":\"https:\\\/\\\/www.lebefane.it\\\/#website\",\"url\":\"https:\\\/\\\/www.lebefane.it\\\/\",\"name\":\"Le Befane Shopping Centre | Rimini\",\"description\":\"Oltre 130 negozi, bar e ristoranti, Ipermercato Conad, Cinema Multisala\",\"potentialAction\":[{\"@type\":\"SearchAction\",\"target\":{\"@type\":\"EntryPoint\",\"urlTemplate\":\"https:\\\/\\\/www.lebefane.it\\\/?s={search_term_string}\"},\"query-input\":{\"@type\":\"PropertyValueSpecification\",\"valueRequired\":true,\"valueName\":\"search_term_string\"}}],\"inLanguage\":\"en-US\"},{\"@type\":\"Person\",\"@id\":\"https:\\\/\\\/www.lebefane.it\\\/#\\\/schema\\\/person\\\/d33b03f954f3d9b8578d8e25d1d6b684\",\"name\":\"belottiric@gmail.com\",\"image\":{\"@type\":\"ImageObject\",\"inLanguage\":\"en-US\",\"@id\":\"https:\\\/\\\/secure.gravatar.com\\\/avatar\\\/314c4fba45fba711427391c9cfcd0d7b343a67e7f625e48c6fecac104283abea?s=96&d=mm&r=g\",\"url\":\"https:\\\/\\\/secure.gravatar.com\\\/avatar\\\/314c4fba45fba711427391c9cfcd0d7b343a67e7f625e48c6fecac104283abea?s=96&d=mm&r=g\",\"contentUrl\":\"https:\\\/\\\/secure.gravatar.com\\\/avatar\\\/314c4fba45fba711427391c9cfcd0d7b343a67e7f625e48c6fecac104283abea?s=96&d=mm&r=g\",\"caption\":\"belottiric@gmail.com\"},\"url\":\"https:\\\/\\\/www.lebefane.it\\\/en\\\/author\\\/belottiricgmail-com\\\/\"}]}<\/script>\n<!-- \/ Yoast SEO plugin. -->","yoast_head_json":{"title":"Alle Befane il concerto pop lirico di Natale - Le Befane Shopping Centre | Rimini","robots":{"index":"index","follow":"follow","max-snippet":"max-snippet:-1","max-image-preview":"max-image-preview:large","max-video-preview":"max-video-preview:-1"},"canonical":"https:\/\/www.lebefane.it\/en\/2019\/12\/20\/alle-befane-il-concerto-pop-lirico-di-natale\/","og_locale":"en_US","og_type":"article","og_title":"Alle Befane il concerto pop lirico di Natale - Le Befane Shopping Centre | Rimini","og_description":"[\u2026]","og_url":"https:\/\/www.lebefane.it\/en\/2019\/12\/20\/alle-befane-il-concerto-pop-lirico-di-natale\/","og_site_name":"Le Befane Shopping Centre | Rimini","article_published_time":"2019-12-20T07:41:04+00:00","article_modified_time":"2019-12-22T22:00:02+00:00","og_image":[{"width":1080,"height":1080,"url":"https:\/\/www.lebefane.it\/wp-content\/uploads\/2019\/12\/Senza-titolo-1.jpg","type":"image\/jpeg"}],"author":"belottiric@gmail.com","twitter_card":"summary_large_image","twitter_misc":{"Written by":"belottiric@gmail.com","Est. reading time":"3 minutes"},"schema":{"@context":"https:\/\/schema.org","@graph":[{"@type":"Article","@id":"https:\/\/www.lebefane.it\/en\/2019\/12\/20\/alle-befane-il-concerto-pop-lirico-di-natale\/#article","isPartOf":{"@id":"https:\/\/www.lebefane.it\/en\/2019\/12\/20\/alle-befane-il-concerto-pop-lirico-di-natale\/"},"author":{"name":"belottiric@gmail.com","@id":"https:\/\/www.lebefane.it\/#\/schema\/person\/d33b03f954f3d9b8578d8e25d1d6b684"},"headline":"Alle Befane il concerto pop lirico di Natale","datePublished":"2019-12-20T07:41:04+00:00","dateModified":"2019-12-22T22:00:02+00:00","mainEntityOfPage":{"@id":"https:\/\/www.lebefane.it\/en\/2019\/12\/20\/alle-befane-il-concerto-pop-lirico-di-natale\/"},"wordCount":527,"commentCount":0,"image":{"@id":"https:\/\/www.lebefane.it\/en\/2019\/12\/20\/alle-befane-il-concerto-pop-lirico-di-natale\/#primaryimage"},"thumbnailUrl":"https:\/\/www.lebefane.it\/wp-content\/uploads\/2019\/12\/Senza-titolo-1.jpg","keywords":["Concerto Natale Befane Rimini","Serena Giai Rimini BEfane","Simone Baldazzi Befane NAtale Rimini"],"articleSection":["Events"],"inLanguage":"en-US"},{"@type":"WebPage","@id":"https:\/\/www.lebefane.it\/en\/2019\/12\/20\/alle-befane-il-concerto-pop-lirico-di-natale\/","url":"https:\/\/www.lebefane.it\/en\/2019\/12\/20\/alle-befane-il-concerto-pop-lirico-di-natale\/","name":"Alle Befane il concerto pop lirico di Natale - Le Befane Shopping Centre | Rimini","isPartOf":{"@id":"https:\/\/www.lebefane.it\/#website"},"primaryImageOfPage":{"@id":"https:\/\/www.lebefane.it\/en\/2019\/12\/20\/alle-befane-il-concerto-pop-lirico-di-natale\/#primaryimage"},"image":{"@id":"https:\/\/www.lebefane.it\/en\/2019\/12\/20\/alle-befane-il-concerto-pop-lirico-di-natale\/#primaryimage"},"thumbnailUrl":"https:\/\/www.lebefane.it\/wp-content\/uploads\/2019\/12\/Senza-titolo-1.jpg","datePublished":"2019-12-20T07:41:04+00:00","dateModified":"2019-12-22T22:00:02+00:00","author":{"@id":"https:\/\/www.lebefane.it\/#\/schema\/person\/d33b03f954f3d9b8578d8e25d1d6b684"},"breadcrumb":{"@id":"https:\/\/www.lebefane.it\/en\/2019\/12\/20\/alle-befane-il-concerto-pop-lirico-di-natale\/#breadcrumb"},"inLanguage":"en-US","potentialAction":[{"@type":"ReadAction","target":["https:\/\/www.lebefane.it\/en\/2019\/12\/20\/alle-befane-il-concerto-pop-lirico-di-natale\/"]}]},{"@type":"ImageObject","inLanguage":"en-US","@id":"https:\/\/www.lebefane.it\/en\/2019\/12\/20\/alle-befane-il-concerto-pop-lirico-di-natale\/#primaryimage","url":"https:\/\/www.lebefane.it\/wp-content\/uploads\/2019\/12\/Senza-titolo-1.jpg","contentUrl":"https:\/\/www.lebefane.it\/wp-content\/uploads\/2019\/12\/Senza-titolo-1.jpg","width":1080,"height":1080},{"@type":"BreadcrumbList","@id":"https:\/\/www.lebefane.it\/en\/2019\/12\/20\/alle-befane-il-concerto-pop-lirico-di-natale\/#breadcrumb","itemListElement":[{"@type":"ListItem","position":1,"name":"Home","item":"https:\/\/www.lebefane.it\/en\/"},{"@type":"ListItem","position":2,"name":"Alle Befane il concerto pop lirico di Natale"}]},{"@type":"WebSite","@id":"https:\/\/www.lebefane.it\/#website","url":"https:\/\/www.lebefane.it\/","name":"Le Befane Shopping Centre | Rimini","description":"Oltre 130 negozi, bar e ristoranti, Ipermercato Conad, Cinema Multisala","potentialAction":[{"@type":"SearchAction","target":{"@type":"EntryPoint","urlTemplate":"https:\/\/www.lebefane.it\/?s={search_term_string}"},"query-input":{"@type":"PropertyValueSpecification","valueRequired":true,"valueName":"search_term_string"}}],"inLanguage":"en-US"},{"@type":"Person","@id":"https:\/\/www.lebefane.it\/#\/schema\/person\/d33b03f954f3d9b8578d8e25d1d6b684","name":"belottiric@gmail.com","image":{"@type":"ImageObject","inLanguage":"en-US","@id":"https:\/\/secure.gravatar.com\/avatar\/314c4fba45fba711427391c9cfcd0d7b343a67e7f625e48c6fecac104283abea?s=96&d=mm&r=g","url":"https:\/\/secure.gravatar.com\/avatar\/314c4fba45fba711427391c9cfcd0d7b343a67e7f625e48c6fecac104283abea?s=96&d=mm&r=g","contentUrl":"https:\/\/secure.gravatar.com\/avatar\/314c4fba45fba711427391c9cfcd0d7b343a67e7f625e48c6fecac104283abea?s=96&d=mm&r=g","caption":"belottiric@gmail.com"},"url":"https:\/\/www.lebefane.it\/en\/author\/belottiricgmail-com\/"}]}},"publishpress_future_action":{"enabled":false,"date":"2026-05-02 10:28:21","action":"change-status","newStatus":"draft","terms":[],"taxonomy":"category","extraData":[]},"publishpress_future_workflow_manual_trigger":{"enabledWorkflows":[]},"_links":{"self":[{"href":"https:\/\/www.lebefane.it\/en\/wp-json\/wp\/v2\/posts\/3859","targetHints":{"allow":["GET"]}}],"collection":[{"href":"https:\/\/www.lebefane.it\/en\/wp-json\/wp\/v2\/posts"}],"about":[{"href":"https:\/\/www.lebefane.it\/en\/wp-json\/wp\/v2\/types\/post"}],"author":[{"embeddable":true,"href":"https:\/\/www.lebefane.it\/en\/wp-json\/wp\/v2\/users\/6"}],"replies":[{"embeddable":true,"href":"https:\/\/www.lebefane.it\/en\/wp-json\/wp\/v2\/comments?post=3859"}],"version-history":[{"count":1,"href":"https:\/\/www.lebefane.it\/en\/wp-json\/wp\/v2\/posts\/3859\/revisions"}],"predecessor-version":[{"id":3861,"href":"https:\/\/www.lebefane.it\/en\/wp-json\/wp\/v2\/posts\/3859\/revisions\/3861"}],"wp:featuredmedia":[{"embeddable":true,"href":"https:\/\/www.lebefane.it\/en\/wp-json\/wp\/v2\/media\/3858"}],"wp:attachment":[{"href":"https:\/\/www.lebefane.it\/en\/wp-json\/wp\/v2\/media?parent=3859"}],"wp:term":[{"taxonomy":"category","embeddable":true,"href":"https:\/\/www.lebefane.it\/en\/wp-json\/wp\/v2\/categories?post=3859"},{"taxonomy":"post_tag","embeddable":true,"href":"https:\/\/www.lebefane.it\/en\/wp-json\/wp\/v2\/tags?post=3859"}],"curies":[{"name":"wp","href":"https:\/\/api.w.org\/{rel}","templated":true}]}}