{"id":3206,"date":"2019-10-30T10:29:55","date_gmt":"2019-10-30T09:29:55","guid":{"rendered":"https:\/\/www.lebefane.it\/2019\/10\/30\/be-green-dal-30-ottobre-al-22-novembre\/"},"modified":"2019-11-24T16:12:08","modified_gmt":"2019-11-24T15:12:08","slug":"be-green-dal-30-ottobre-al-22-novembre","status":"publish","type":"post","link":"https:\/\/www.lebefane.it\/en\/2019\/10\/30\/be-green-dal-30-ottobre-al-22-novembre\/","title":{"rendered":"Be green, dal 30 ottobre al 22 novembre"},"content":{"rendered":"<p>La sensibilit\u00e0 ambientale si coltiva e cresce anche quando si fa la spesa! Perch\u00e9 tutti, nel loro piccolo, possono fare qualcosa per migliorare il mondo che ci circonda e che ci ospita. Con l&#8217;obiettivo di sensibilizzare sui temi dell&#8217;ecologia e della sostenibilit\u00e0, <strong>dal 30 ottobre al 22 novembre 2019<\/strong>, tutti i clienti de Le Befane Shopping Centre in possesso della <strong>fidelity card Be Fan Card<\/strong> potranno partecipare al concorso <strong>BE GREEN<\/strong>.<\/p>\n<p><strong>Da qualche giorno infatti all&#8217;interno del centro commerciale riminese, venti artisti del territorio che hanno aderito con entusiasmo all&#8217;invito de Le Befane Shopping Centre, hanno infatti esposto alcune opere realizzate appositamente sul tema<\/strong>. Si tratta di: Francesca Borgia, Luciano Michi, Michele Albini, Maria Grazia Innocenti, Loris Morigi, Ottavio Celli, Attilio Golfieri, Olena Solodiyr, Oliviero Baiocchi, Samantha Baiocchi, Michela Rebecchi, Alice Bargellini, Luciana Martelli, Noemi Della Rosa, Fabrizio Pavolucci, Michele Robertazzi, Liliana Quadrelli, Fausto Ferri, Eliseo Calcinari, Luciana Urbinati.<\/p>\n<p><strong>Tante le suggestioni che hanno ispirato gli artisti nella realizzazione delle loro opere.<\/strong> Chi ha immaginato di risvegliarsi \u201ctra la terra assopita\u201d e di \u201ccamminare per valli e colline\u201d, o \u00e8 stato &#8216;catturato&#8217; dai colori del bosco; chi ha scelto il camaleonte come simbolo della \u201cmeraviglia della natura\u201d oppure le lucciole, abitatrici estive \u201cdei campi e dei boschi incontaminati\u201d. O ancora chi ha immaginato \u201cun mondo futuro visto e disegnato con gli occhi innocenti e speranzosi di un bambino felice\u201d. In tanti poi si sono focalizzati sull&#8217;emergenza ambientale, dall&#8217;Europa all&#8217;Amazzonia, promuovendo &#8216;pensieri verdi&#8217; di rispetto per la natura; mettendo in luce il contrasto \u201ctra il verde della natura, fonte di vita, e il grigio dello smog\u201d. Tante idee, quindi, per poter continuare a raccontare la &#8216;favola&#8217; della nostra madre Terra: \u201cC\u2019era una volta, e c&#8217;\u00e8 ancora, un mondo meraviglioso\u201d.<\/p>\n<p>Ora che le opere sono state esposte, <strong>la parola passa ai clienti del Centro commerciale<\/strong> ai quali sar\u00e0 richiesto di scegliere, attraverso i totem computerizzati Be Fan Card presenti all&#8217;interno de Le Befane, quella preferita. <strong>Per votare baster\u00e0 &#8216;toccare&#8217; sullo schermo il progetto prescelto che \u00e8 stato abbinato ad un numero. Al termine del concorso l\u2019autore dell\u2019opera che avr\u00e0 ottenuto il maggior numero di voti ricever\u00e0 una Gift card da Euro 1.000,00.<\/strong><\/p>\n<p>Dopo aver votato, sullo schermo si aprir\u00e0 una slide con quattro finestre e in ogni finestra verranno indicati i punti che il cliente intender\u00e0 giocare per vincere un premio immediato.<\/p>\n<p><strong>1 punto per vincere Gift card da 5\u20ac<\/strong><br \/>\n<strong>5 punti per vincere Gift card da 10\u20ac<\/strong><br \/>\n<strong>10 punti per vincere Gift card da 20\u20ac<\/strong><br \/>\n<strong>20 punti per vincere Gift card da 50\u20ac<\/strong><\/p>\n<p>Il sistema, con un criterio di massima casualit\u00e0, decider\u00e0 la &#8216;sorte&#8217; del partecipante. <strong>In caso di non vincita di una Gift Card, si vincer\u00e0 comunque 1 punto Be-Fan Card.<\/strong><\/p>\n<p><strong>La premiazione si terr\u00e0 sabato 23 novembre 2019 in occasione della grande Festa di Compleanno de Le Befane<\/strong>, che taglia nel 2019 il traguardo 15esimo anno di apertura! Una giornata resa unica anche dalla presenza dello street artist Gola Hundun che in una sessione di live painting all&#8217;interno de Le Befane realizzer\u00e0 delle opere a tema green.<\/p>\n","protected":false},"excerpt":{"rendered":"<p><span class=\"excerpt-hellip\"> [\u2026]<\/span><\/p>\n","protected":false},"author":1,"featured_media":3204,"comment_status":"open","ping_status":"open","sticky":false,"template":"","format":"image","meta":{"_acf_changed":false,"footnotes":""},"categories":[64],"tags":[],"class_list":["post-3206","post","type-post","status-publish","format-image","has-post-thumbnail","hentry","category-events","post_format-post-format-image"],"acf":[],"yoast_head":"<!-- This site is optimized with the Yoast SEO plugin v27.3 - https:\/\/yoast.com\/product\/yoast-seo-wordpress\/ -->\n<title>Be green, dal 30 ottobre al 22 novembre - Le Befane Shopping Centre | Rimini<\/title>\n<meta name=\"robots\" content=\"index, follow, max-snippet:-1, max-image-preview:large, max-video-preview:-1\" \/>\n<link rel=\"canonical\" href=\"https:\/\/www.lebefane.it\/en\/2019\/10\/30\/be-green-dal-30-ottobre-al-22-novembre\/\" \/>\n<meta property=\"og:locale\" content=\"en_US\" \/>\n<meta property=\"og:type\" content=\"article\" \/>\n<meta property=\"og:title\" content=\"Be green, dal 30 ottobre al 22 novembre - Le Befane Shopping Centre | Rimini\" \/>\n<meta property=\"og:description\" content=\"[\u2026]\" \/>\n<meta property=\"og:url\" content=\"https:\/\/www.lebefane.it\/en\/2019\/10\/30\/be-green-dal-30-ottobre-al-22-novembre\/\" \/>\n<meta property=\"og:site_name\" content=\"Le Befane Shopping Centre | Rimini\" \/>\n<meta property=\"article:published_time\" content=\"2019-10-30T09:29:55+00:00\" \/>\n<meta property=\"article:modified_time\" content=\"2019-11-24T15:12:08+00:00\" \/>\n<meta property=\"og:image\" content=\"https:\/\/www.lebefane.it\/wp-content\/uploads\/2019\/10\/evento-sito-1.jpg\" \/>\n\t<meta property=\"og:image:width\" content=\"1000\" \/>\n\t<meta property=\"og:image:height\" content=\"1000\" \/>\n\t<meta property=\"og:image:type\" content=\"image\/jpeg\" \/>\n<meta name=\"author\" content=\"zamgrafica@gmail.com\" \/>\n<meta name=\"twitter:card\" content=\"summary_large_image\" \/>\n<meta name=\"twitter:label1\" content=\"Written by\" \/>\n\t<meta name=\"twitter:data1\" content=\"zamgrafica@gmail.com\" \/>\n\t<meta name=\"twitter:label2\" content=\"Est. reading time\" \/>\n\t<meta name=\"twitter:data2\" content=\"2 minutes\" \/>\n<script type=\"application\/ld+json\" class=\"yoast-schema-graph\">{\"@context\":\"https:\\\/\\\/schema.org\",\"@graph\":[{\"@type\":\"Article\",\"@id\":\"https:\\\/\\\/www.lebefane.it\\\/en\\\/2019\\\/10\\\/30\\\/be-green-dal-30-ottobre-al-22-novembre\\\/#article\",\"isPartOf\":{\"@id\":\"https:\\\/\\\/www.lebefane.it\\\/en\\\/2019\\\/10\\\/30\\\/be-green-dal-30-ottobre-al-22-novembre\\\/\"},\"author\":{\"name\":\"zamgrafica@gmail.com\",\"@id\":\"https:\\\/\\\/www.lebefane.it\\\/#\\\/schema\\\/person\\\/235073280a1edb93f445640626b63374\"},\"headline\":\"Be green, dal 30 ottobre al 22 novembre\",\"datePublished\":\"2019-10-30T09:29:55+00:00\",\"dateModified\":\"2019-11-24T15:12:08+00:00\",\"mainEntityOfPage\":{\"@id\":\"https:\\\/\\\/www.lebefane.it\\\/en\\\/2019\\\/10\\\/30\\\/be-green-dal-30-ottobre-al-22-novembre\\\/\"},\"wordCount\":499,\"commentCount\":0,\"image\":{\"@id\":\"https:\\\/\\\/www.lebefane.it\\\/en\\\/2019\\\/10\\\/30\\\/be-green-dal-30-ottobre-al-22-novembre\\\/#primaryimage\"},\"thumbnailUrl\":\"https:\\\/\\\/www.lebefane.it\\\/wp-content\\\/uploads\\\/2019\\\/10\\\/evento-sito-1.jpg\",\"articleSection\":[\"Events\"],\"inLanguage\":\"en-US\"},{\"@type\":\"WebPage\",\"@id\":\"https:\\\/\\\/www.lebefane.it\\\/en\\\/2019\\\/10\\\/30\\\/be-green-dal-30-ottobre-al-22-novembre\\\/\",\"url\":\"https:\\\/\\\/www.lebefane.it\\\/en\\\/2019\\\/10\\\/30\\\/be-green-dal-30-ottobre-al-22-novembre\\\/\",\"name\":\"Be green, dal 30 ottobre al 22 novembre - Le Befane Shopping Centre | Rimini\",\"isPartOf\":{\"@id\":\"https:\\\/\\\/www.lebefane.it\\\/#website\"},\"primaryImageOfPage\":{\"@id\":\"https:\\\/\\\/www.lebefane.it\\\/en\\\/2019\\\/10\\\/30\\\/be-green-dal-30-ottobre-al-22-novembre\\\/#primaryimage\"},\"image\":{\"@id\":\"https:\\\/\\\/www.lebefane.it\\\/en\\\/2019\\\/10\\\/30\\\/be-green-dal-30-ottobre-al-22-novembre\\\/#primaryimage\"},\"thumbnailUrl\":\"https:\\\/\\\/www.lebefane.it\\\/wp-content\\\/uploads\\\/2019\\\/10\\\/evento-sito-1.jpg\",\"datePublished\":\"2019-10-30T09:29:55+00:00\",\"dateModified\":\"2019-11-24T15:12:08+00:00\",\"author\":{\"@id\":\"https:\\\/\\\/www.lebefane.it\\\/#\\\/schema\\\/person\\\/235073280a1edb93f445640626b63374\"},\"breadcrumb\":{\"@id\":\"https:\\\/\\\/www.lebefane.it\\\/en\\\/2019\\\/10\\\/30\\\/be-green-dal-30-ottobre-al-22-novembre\\\/#breadcrumb\"},\"inLanguage\":\"en-US\",\"potentialAction\":[{\"@type\":\"ReadAction\",\"target\":[\"https:\\\/\\\/www.lebefane.it\\\/en\\\/2019\\\/10\\\/30\\\/be-green-dal-30-ottobre-al-22-novembre\\\/\"]}]},{\"@type\":\"ImageObject\",\"inLanguage\":\"en-US\",\"@id\":\"https:\\\/\\\/www.lebefane.it\\\/en\\\/2019\\\/10\\\/30\\\/be-green-dal-30-ottobre-al-22-novembre\\\/#primaryimage\",\"url\":\"https:\\\/\\\/www.lebefane.it\\\/wp-content\\\/uploads\\\/2019\\\/10\\\/evento-sito-1.jpg\",\"contentUrl\":\"https:\\\/\\\/www.lebefane.it\\\/wp-content\\\/uploads\\\/2019\\\/10\\\/evento-sito-1.jpg\",\"width\":1000,\"height\":1000},{\"@type\":\"BreadcrumbList\",\"@id\":\"https:\\\/\\\/www.lebefane.it\\\/en\\\/2019\\\/10\\\/30\\\/be-green-dal-30-ottobre-al-22-novembre\\\/#breadcrumb\",\"itemListElement\":[{\"@type\":\"ListItem\",\"position\":1,\"name\":\"Home\",\"item\":\"https:\\\/\\\/www.lebefane.it\\\/en\\\/\"},{\"@type\":\"ListItem\",\"position\":2,\"name\":\"Be green, dal 30 ottobre al 22 novembre\"}]},{\"@type\":\"WebSite\",\"@id\":\"https:\\\/\\\/www.lebefane.it\\\/#website\",\"url\":\"https:\\\/\\\/www.lebefane.it\\\/\",\"name\":\"Le Befane Shopping Centre | Rimini\",\"description\":\"Oltre 130 negozi, bar e ristoranti, Ipermercato Conad, Cinema Multisala\",\"potentialAction\":[{\"@type\":\"SearchAction\",\"target\":{\"@type\":\"EntryPoint\",\"urlTemplate\":\"https:\\\/\\\/www.lebefane.it\\\/?s={search_term_string}\"},\"query-input\":{\"@type\":\"PropertyValueSpecification\",\"valueRequired\":true,\"valueName\":\"search_term_string\"}}],\"inLanguage\":\"en-US\"},{\"@type\":\"Person\",\"@id\":\"https:\\\/\\\/www.lebefane.it\\\/#\\\/schema\\\/person\\\/235073280a1edb93f445640626b63374\",\"name\":\"zamgrafica@gmail.com\",\"image\":{\"@type\":\"ImageObject\",\"inLanguage\":\"en-US\",\"@id\":\"https:\\\/\\\/secure.gravatar.com\\\/avatar\\\/6f3f881492ff701ad401444da005fe23b426d740813f238369cba2e1cbeb443b?s=96&d=mm&r=g\",\"url\":\"https:\\\/\\\/secure.gravatar.com\\\/avatar\\\/6f3f881492ff701ad401444da005fe23b426d740813f238369cba2e1cbeb443b?s=96&d=mm&r=g\",\"contentUrl\":\"https:\\\/\\\/secure.gravatar.com\\\/avatar\\\/6f3f881492ff701ad401444da005fe23b426d740813f238369cba2e1cbeb443b?s=96&d=mm&r=g\",\"caption\":\"zamgrafica@gmail.com\"},\"url\":\"https:\\\/\\\/www.lebefane.it\\\/en\\\/author\\\/zamgraficagmail-com\\\/\"}]}<\/script>\n<!-- \/ Yoast SEO plugin. -->","yoast_head_json":{"title":"Be green, dal 30 ottobre al 22 novembre - Le Befane Shopping Centre | Rimini","robots":{"index":"index","follow":"follow","max-snippet":"max-snippet:-1","max-image-preview":"max-image-preview:large","max-video-preview":"max-video-preview:-1"},"canonical":"https:\/\/www.lebefane.it\/en\/2019\/10\/30\/be-green-dal-30-ottobre-al-22-novembre\/","og_locale":"en_US","og_type":"article","og_title":"Be green, dal 30 ottobre al 22 novembre - Le Befane Shopping Centre | Rimini","og_description":"[\u2026]","og_url":"https:\/\/www.lebefane.it\/en\/2019\/10\/30\/be-green-dal-30-ottobre-al-22-novembre\/","og_site_name":"Le Befane Shopping Centre | Rimini","article_published_time":"2019-10-30T09:29:55+00:00","article_modified_time":"2019-11-24T15:12:08+00:00","og_image":[{"width":1000,"height":1000,"url":"https:\/\/www.lebefane.it\/wp-content\/uploads\/2019\/10\/evento-sito-1.jpg","type":"image\/jpeg"}],"author":"zamgrafica@gmail.com","twitter_card":"summary_large_image","twitter_misc":{"Written by":"zamgrafica@gmail.com","Est. reading time":"2 minutes"},"schema":{"@context":"https:\/\/schema.org","@graph":[{"@type":"Article","@id":"https:\/\/www.lebefane.it\/en\/2019\/10\/30\/be-green-dal-30-ottobre-al-22-novembre\/#article","isPartOf":{"@id":"https:\/\/www.lebefane.it\/en\/2019\/10\/30\/be-green-dal-30-ottobre-al-22-novembre\/"},"author":{"name":"zamgrafica@gmail.com","@id":"https:\/\/www.lebefane.it\/#\/schema\/person\/235073280a1edb93f445640626b63374"},"headline":"Be green, dal 30 ottobre al 22 novembre","datePublished":"2019-10-30T09:29:55+00:00","dateModified":"2019-11-24T15:12:08+00:00","mainEntityOfPage":{"@id":"https:\/\/www.lebefane.it\/en\/2019\/10\/30\/be-green-dal-30-ottobre-al-22-novembre\/"},"wordCount":499,"commentCount":0,"image":{"@id":"https:\/\/www.lebefane.it\/en\/2019\/10\/30\/be-green-dal-30-ottobre-al-22-novembre\/#primaryimage"},"thumbnailUrl":"https:\/\/www.lebefane.it\/wp-content\/uploads\/2019\/10\/evento-sito-1.jpg","articleSection":["Events"],"inLanguage":"en-US"},{"@type":"WebPage","@id":"https:\/\/www.lebefane.it\/en\/2019\/10\/30\/be-green-dal-30-ottobre-al-22-novembre\/","url":"https:\/\/www.lebefane.it\/en\/2019\/10\/30\/be-green-dal-30-ottobre-al-22-novembre\/","name":"Be green, dal 30 ottobre al 22 novembre - Le Befane Shopping Centre | Rimini","isPartOf":{"@id":"https:\/\/www.lebefane.it\/#website"},"primaryImageOfPage":{"@id":"https:\/\/www.lebefane.it\/en\/2019\/10\/30\/be-green-dal-30-ottobre-al-22-novembre\/#primaryimage"},"image":{"@id":"https:\/\/www.lebefane.it\/en\/2019\/10\/30\/be-green-dal-30-ottobre-al-22-novembre\/#primaryimage"},"thumbnailUrl":"https:\/\/www.lebefane.it\/wp-content\/uploads\/2019\/10\/evento-sito-1.jpg","datePublished":"2019-10-30T09:29:55+00:00","dateModified":"2019-11-24T15:12:08+00:00","author":{"@id":"https:\/\/www.lebefane.it\/#\/schema\/person\/235073280a1edb93f445640626b63374"},"breadcrumb":{"@id":"https:\/\/www.lebefane.it\/en\/2019\/10\/30\/be-green-dal-30-ottobre-al-22-novembre\/#breadcrumb"},"inLanguage":"en-US","potentialAction":[{"@type":"ReadAction","target":["https:\/\/www.lebefane.it\/en\/2019\/10\/30\/be-green-dal-30-ottobre-al-22-novembre\/"]}]},{"@type":"ImageObject","inLanguage":"en-US","@id":"https:\/\/www.lebefane.it\/en\/2019\/10\/30\/be-green-dal-30-ottobre-al-22-novembre\/#primaryimage","url":"https:\/\/www.lebefane.it\/wp-content\/uploads\/2019\/10\/evento-sito-1.jpg","contentUrl":"https:\/\/www.lebefane.it\/wp-content\/uploads\/2019\/10\/evento-sito-1.jpg","width":1000,"height":1000},{"@type":"BreadcrumbList","@id":"https:\/\/www.lebefane.it\/en\/2019\/10\/30\/be-green-dal-30-ottobre-al-22-novembre\/#breadcrumb","itemListElement":[{"@type":"ListItem","position":1,"name":"Home","item":"https:\/\/www.lebefane.it\/en\/"},{"@type":"ListItem","position":2,"name":"Be green, dal 30 ottobre al 22 novembre"}]},{"@type":"WebSite","@id":"https:\/\/www.lebefane.it\/#website","url":"https:\/\/www.lebefane.it\/","name":"Le Befane Shopping Centre | Rimini","description":"Oltre 130 negozi, bar e ristoranti, Ipermercato Conad, Cinema Multisala","potentialAction":[{"@type":"SearchAction","target":{"@type":"EntryPoint","urlTemplate":"https:\/\/www.lebefane.it\/?s={search_term_string}"},"query-input":{"@type":"PropertyValueSpecification","valueRequired":true,"valueName":"search_term_string"}}],"inLanguage":"en-US"},{"@type":"Person","@id":"https:\/\/www.lebefane.it\/#\/schema\/person\/235073280a1edb93f445640626b63374","name":"zamgrafica@gmail.com","image":{"@type":"ImageObject","inLanguage":"en-US","@id":"https:\/\/secure.gravatar.com\/avatar\/6f3f881492ff701ad401444da005fe23b426d740813f238369cba2e1cbeb443b?s=96&d=mm&r=g","url":"https:\/\/secure.gravatar.com\/avatar\/6f3f881492ff701ad401444da005fe23b426d740813f238369cba2e1cbeb443b?s=96&d=mm&r=g","contentUrl":"https:\/\/secure.gravatar.com\/avatar\/6f3f881492ff701ad401444da005fe23b426d740813f238369cba2e1cbeb443b?s=96&d=mm&r=g","caption":"zamgrafica@gmail.com"},"url":"https:\/\/www.lebefane.it\/en\/author\/zamgraficagmail-com\/"}]}},"publishpress_future_action":{"enabled":false,"date":"2026-05-02 10:28:06","action":"change-status","newStatus":"draft","terms":[],"taxonomy":"category","extraData":[]},"publishpress_future_workflow_manual_trigger":{"enabledWorkflows":[]},"_links":{"self":[{"href":"https:\/\/www.lebefane.it\/en\/wp-json\/wp\/v2\/posts\/3206","targetHints":{"allow":["GET"]}}],"collection":[{"href":"https:\/\/www.lebefane.it\/en\/wp-json\/wp\/v2\/posts"}],"about":[{"href":"https:\/\/www.lebefane.it\/en\/wp-json\/wp\/v2\/types\/post"}],"author":[{"embeddable":true,"href":"https:\/\/www.lebefane.it\/en\/wp-json\/wp\/v2\/users\/1"}],"replies":[{"embeddable":true,"href":"https:\/\/www.lebefane.it\/en\/wp-json\/wp\/v2\/comments?post=3206"}],"version-history":[{"count":1,"href":"https:\/\/www.lebefane.it\/en\/wp-json\/wp\/v2\/posts\/3206\/revisions"}],"predecessor-version":[{"id":3235,"href":"https:\/\/www.lebefane.it\/en\/wp-json\/wp\/v2\/posts\/3206\/revisions\/3235"}],"wp:featuredmedia":[{"embeddable":true,"href":"https:\/\/www.lebefane.it\/en\/wp-json\/wp\/v2\/media\/3204"}],"wp:attachment":[{"href":"https:\/\/www.lebefane.it\/en\/wp-json\/wp\/v2\/media?parent=3206"}],"wp:term":[{"taxonomy":"category","embeddable":true,"href":"https:\/\/www.lebefane.it\/en\/wp-json\/wp\/v2\/categories?post=3206"},{"taxonomy":"post_tag","embeddable":true,"href":"https:\/\/www.lebefane.it\/en\/wp-json\/wp\/v2\/tags?post=3206"}],"curies":[{"name":"wp","href":"https:\/\/api.w.org\/{rel}","templated":true}]}}